{"id":272,"date":"2015-05-14T11:21:52","date_gmt":"2015-05-14T09:21:52","guid":{"rendered":"http:\/\/www.jinecacek.cz\/?p=272"},"modified":"2015-05-14T11:33:15","modified_gmt":"2015-05-14T09:33:15","slug":"tematicka-prochazka-na-statku","status":"publish","type":"post","link":"https:\/\/www.jinecacek.cz\/?p=272","title":{"rendered":"T\u00e9matick\u00e1 proch\u00e1zka &#8222;Na statku&#8220;"},"content":{"rendered":"<p style=\"text-align: center;\">Mate\u0159sk\u00e9 centrum Jine\u010d\u00e1\u010dek<\/p>\n<p style=\"text-align: center;\">za finan\u010dn\u00ed podpory m\u011bstyse Jince<\/p>\n<p style=\"text-align: center;\">srde\u010dn\u011b zve<\/p>\n<p style=\"text-align: center;\">na dal\u0161\u00ed spole\u010dnou tematicky zam\u011b\u0159enou proch\u00e1zku:<\/p>\n<p style=\"text-align: center;\">\u201eNa statku\u201c<\/p>\n<p style=\"text-align: center;\">\n<p style=\"text-align: center;\"><strong>Sraz \u00fa\u010dastn\u00edk\u016f na n\u00e1m\u011bst\u00ed u Hotelu E\u0161ka v\u00a0Jinc\u00edch <\/strong><\/p>\n<ol style=\"text-align: center;\" start=\"20\">\n<li><strong> kv\u011btna v\u00a015:20 h, odjezd autobusem v\u00a015:30 sm\u011br Rejkovice. Zp\u011bt do Jinec p\u011b\u0161ky, na odr\u00e1\u017eedlech \u010di na kolech. Cesta vhodn\u00e1 i pro ko\u010d\u00e1rky.<\/strong><\/li>\n<\/ol>\n<p style=\"text-align: center;\">\n<p style=\"text-align: center;\">Program: \u00a0\u00a0 prohl\u00eddka rodinn\u00e9 farmy + op\u00e9kan\u00ed bu\u0159t\u016f<\/p>\n<p style=\"text-align: center;\">sout\u011b\u017ee a pln\u011bn\u00ed tematicky zam\u011b\u0159en\u00fdch \u00fakol\u016f<\/p>\n<h1 style=\"text-align: center;\"><\/h1>\n<h1 style=\"text-align: center;\">V\u00edt\u00e1ny jsou nejen maminky, ale i\u00a0tat\u00ednci a prarodi\u010de.<\/h1>\n<p style=\"text-align: center;\">J\u00edzdn\u00e9 a bu\u0159ty hrazeny z\u00a0dotace m\u011bstyse Jince. Bli\u017e\u0161\u00ed informace na 775\u00a0233\u00a0182.<\/p>\n","protected":false},"excerpt":{"rendered":"<p>Mate\u0159sk\u00e9 centrum Jine\u010d\u00e1\u010dek za finan\u010dn\u00ed podpory m\u011bstyse Jince srde\u010dn\u011b zve na dal\u0161\u00ed spole\u010dnou tematicky zam\u011b\u0159enou proch\u00e1zku: \u201eNa statku\u201c Sraz \u00fa\u010dastn\u00edk\u016f na n\u00e1m\u011bst\u00ed u Hotelu E\u0161ka v\u00a0Jinc\u00edch kv\u011btna v\u00a015:20 h, odjezd autobusem v\u00a015:30 sm\u011br Rejkovice. Zp\u011bt do Jinec p\u011b\u0161ky, na odr\u00e1\u017eedlech \u010di na kolech. Cesta vhodn\u00e1 i pro ko\u010d\u00e1rky. Program: \u00a0\u00a0 prohl\u00eddka rodinn\u00e9 farmy + op\u00e9kan\u00ed &hellip; <\/p>\n<p class=\"link-more\"><a href=\"https:\/\/www.jinecacek.cz\/?p=272\" class=\"more-link\">Pokra\u010dovat ve \u010dten\u00ed<span class=\"screen-reader-text\"> &#8222;T\u00e9matick\u00e1 proch\u00e1zka &#8222;Na statku&#8220;&#8220;<\/span><\/a><\/p>\n","protected":false},"author":2,"featured_media":0,"comment_status":"closed","ping_status":"open","sticky":false,"template":"","format":"standard","meta":{"ngg_post_thumbnail":0,"footnotes":""},"categories":[1],"tags":[],"class_list":["post-272","post","type-post","status-publish","format-standard","hentry","category-nezarazene"],"_links":{"self":[{"href":"https:\/\/www.jinecacek.cz\/index.php?rest_route=\/wp\/v2\/posts\/272","targetHints":{"allow":["GET"]}}],"collection":[{"href":"https:\/\/www.jinecacek.cz\/index.php?rest_route=\/wp\/v2\/posts"}],"about":[{"href":"https:\/\/www.jinecacek.cz\/index.php?rest_route=\/wp\/v2\/types\/post"}],"author":[{"embeddable":true,"href":"https:\/\/www.jinecacek.cz\/index.php?rest_route=\/wp\/v2\/users\/2"}],"replies":[{"embeddable":true,"href":"https:\/\/www.jinecacek.cz\/index.php?rest_route=%2Fwp%2Fv2%2Fcomments&post=272"}],"version-history":[{"count":6,"href":"https:\/\/www.jinecacek.cz\/index.php?rest_route=\/wp\/v2\/posts\/272\/revisions"}],"predecessor-version":[{"id":279,"href":"https:\/\/www.jinecacek.cz\/index.php?rest_route=\/wp\/v2\/posts\/272\/revisions\/279"}],"wp:attachment":[{"href":"https:\/\/www.jinecacek.cz\/index.php?rest_route=%2Fwp%2Fv2%2Fmedia&parent=272"}],"wp:term":[{"taxonomy":"category","embeddable":true,"href":"https:\/\/www.jinecacek.cz\/index.php?rest_route=%2Fwp%2Fv2%2Fcategories&post=272"},{"taxonomy":"post_tag","embeddable":true,"href":"https:\/\/www.jinecacek.cz\/index.php?rest_route=%2Fwp%2Fv2%2Ftags&post=272"}],"curies":[{"name":"wp","href":"https:\/\/api.w.org\/{rel}","templated":true}]}}